{"id":2476,"date":"2024-07-18T22:48:21","date_gmt":"2024-07-19T01:48:21","guid":{"rendered":"https:\/\/deltacaixaspapelao.com.br\/blog\/?p=2476"},"modified":"2024-07-18T22:48:23","modified_gmt":"2024-07-19T01:48:23","slug":"talk-packaging-com-cicero-mario-diretor-comercial-da-delta-industria-de-caixas-de-papelao","status":"publish","type":"post","link":"https:\/\/deltacaixaspapelao.com.br\/blog\/?p=2476","title":{"rendered":"Talk Packaging com C\u00edcero M\u00e1rio, diretor comercial da Delta Ind\u00fastria de Caixas de Papel\u00e3o"},"content":{"rendered":"\n<p>No bate-papo, o executivo destacou os desafios e as oportunidades futuras para o setor de packaging<\/p>\n\n\n\n<p>Veja a mat\u00e9ria completa no link <a href=\"https:\/\/portalpackaging.com.br\/talk-packaging-com-cicero-mario-diretor-comercial-da-delta-industria-de-caixas-de-papelao\/\">https:\/\/portalpackaging.com.br\/talk-packaging-com-cicero-mario-diretor-comercial-da-delta-industria-de-caixas-de-papelao\/<\/a><\/p>\n","protected":false},"excerpt":{"rendered":"<p>No bate-papo, o executivo destacou os desafios e as oportunidades futuras para o setor de packaging Veja a mat\u00e9ria completa no link https:\/\/portalpackaging.com.br\/talk-packaging-com-cicero-mario-diretor-comercial-da-delta-industria-de-caixas-de-papelao\/<\/p>\n","protected":false},"author":1,"featured_media":2477,"comment_status":"open","ping_status":"open","sticky":false,"template":"","format":"standard","meta":{"footnotes":""},"categories":[13],"tags":[],"class_list":["post-2476","post","type-post","status-publish","format-standard","has-post-thumbnail","hentry","category-newsletter"],"_links":{"self":[{"href":"https:\/\/deltacaixaspapelao.com.br\/blog\/index.php?rest_route=\/wp\/v2\/posts\/2476","targetHints":{"allow":["GET"]}}],"collection":[{"href":"https:\/\/deltacaixaspapelao.com.br\/blog\/index.php?rest_route=\/wp\/v2\/posts"}],"about":[{"href":"https:\/\/deltacaixaspapelao.com.br\/blog\/index.php?rest_route=\/wp\/v2\/types\/post"}],"author":[{"embeddable":true,"href":"https:\/\/deltacaixaspapelao.com.br\/blog\/index.php?rest_route=\/wp\/v2\/users\/1"}],"replies":[{"embeddable":true,"href":"https:\/\/deltacaixaspapelao.com.br\/blog\/index.php?rest_route=%2Fwp%2Fv2%2Fcomments&post=2476"}],"version-history":[{"count":1,"href":"https:\/\/deltacaixaspapelao.com.br\/blog\/index.php?rest_route=\/wp\/v2\/posts\/2476\/revisions"}],"predecessor-version":[{"id":2478,"href":"https:\/\/deltacaixaspapelao.com.br\/blog\/index.php?rest_route=\/wp\/v2\/posts\/2476\/revisions\/2478"}],"wp:featuredmedia":[{"embeddable":true,"href":"https:\/\/deltacaixaspapelao.com.br\/blog\/index.php?rest_route=\/wp\/v2\/media\/2477"}],"wp:attachment":[{"href":"https:\/\/deltacaixaspapelao.com.br\/blog\/index.php?rest_route=%2Fwp%2Fv2%2Fmedia&parent=2476"}],"wp:term":[{"taxonomy":"category","embeddable":true,"href":"https:\/\/deltacaixaspapelao.com.br\/blog\/index.php?rest_route=%2Fwp%2Fv2%2Fcategories&post=2476"},{"taxonomy":"post_tag","embeddable":true,"href":"https:\/\/deltacaixaspapelao.com.br\/blog\/index.php?rest_route=%2Fwp%2Fv2%2Ftags&post=2476"}],"curies":[{"name":"wp","href":"https:\/\/api.w.org\/{rel}","templated":true}]}}